{"id":861,"date":"2023-03-16T13:14:54","date_gmt":"2023-03-16T12:14:54","guid":{"rendered":"https:\/\/neoumanista.it\/?p=861"},"modified":"2024-06-04T04:06:22","modified_gmt":"2024-06-04T02:06:22","slug":"scienza-intuizionale-e-anatomia-umana","status":"publish","type":"post","link":"https:\/\/neoumanista.it\/index.php\/2023\/03\/scienza-intuizionale-e-anatomia-umana\/","title":{"rendered":"Scienza intuizionale e Anatomia Umana"},"content":{"rendered":"<p><span style=\"font-family: Barlow Condensed Medium, serif;\"><span style=\"font-size: large;\"><img loading=\"lazy\" decoding=\"async\" class=\"wp-image-862 alignright\" src=\"https:\/\/neoumanista.it\/wp-content\/uploads\/2023\/03\/yoga_scienza-300x300.jpg\" alt=\"\" width=\"207\" height=\"207\" srcset=\"https:\/\/neoumanista.it\/wp-content\/uploads\/2023\/03\/yoga_scienza-300x300.jpg 300w, https:\/\/neoumanista.it\/wp-content\/uploads\/2023\/03\/yoga_scienza-1024x1024.jpg 1024w, https:\/\/neoumanista.it\/wp-content\/uploads\/2023\/03\/yoga_scienza-150x150.jpg 150w, https:\/\/neoumanista.it\/wp-content\/uploads\/2023\/03\/yoga_scienza-768x768.jpg 768w, https:\/\/neoumanista.it\/wp-content\/uploads\/2023\/03\/yoga_scienza.jpg 1200w\" sizes=\"auto, (max-width: 207px) 100vw, 207px\" \/>di Tarcisio Bonotto<\/span><\/span><\/p>\n<p><span style=\"font-family: Barlow Condensed Medium, serif;\"><span style=\"font-size: xx-large;\"><i>C\u2019\u00e8 un collegamento tra la Scienza dello Yoga e Anatomia Umana? Da due strade separate: l\u2019una deriva dalla ricerca nel laboratorio mentale, l\u2019altra dalla ricerca nei laboratori fisici. <\/i><\/span><\/span><\/p>\n<p>&nbsp;<\/p>\n<p align=\"JUSTIFY\">\u00a0I<span style=\"font-family: Barlow Semi Condensed Medium, serif;\">n particolare se ci\u00f2 che \u00e8 stato scoperto migliaia di anni fa, da ricercatori della mente e dell\u2019anima, tramite la ricerca esperienziale, nel laboratorio mentale e del corpo fisico, avesse una precisa corrispondenza con la nostra conoscenza oggettiva di medicina, fisiologia e neurologia.<\/span><\/p>\n<p align=\"JUSTIFY\"><span style=\"font-family: Barlow Semi Condensed Medium, serif;\">Sembra assodato ormai che, dai lontani anni \u201870, lo Yoga sia diventato parte integrante della cultura giovanile e come si sia espresso in mille rivoli: sono molti i centri di Hata Yoga, di AcroYoga, di Meditazione, etc. sparsi sul territorio italiano.<\/span><\/p>\n<p align=\"JUSTIFY\"><span style=\"font-family: Barlow Semi Condensed Medium, serif;\">Gli esercizi Yoga e la Meditazione (di diversi tipi in particolare la Vipassana, meditazione buddista) sono stati studiati scientificamente. Gli effetti positivi di questi esercizi sul cuore, sulla circolazione sanguigna, sull\u2019ansia etc., sono stati oggetto di pubblicazioni scientifiche. Ricordo con stupore di un medico di famiglia che, ancora negli anni \u201890, sugger\u00ec ad una sua paziente sofferente di insonnia e di ansia: \u201cFaccia Yoga!\u201d.<\/span><\/p>\n<p align=\"JUSTIFY\"><span style=\"font-family: Barlow Semi Condensed Medium, serif;\">Che cos\u2019\u00e8 la meditazione? E\u2019 introspezione guidata, resa semplice e ha come risultato la concentrazione. Si usa il metodo della \u201c<\/span><span style=\"font-family: Barlow Semi Condensed Medium, serif;\"><i>suggestione positiva<\/i><\/span><span style=\"font-family: Barlow Semi Condensed Medium, serif;\">\u201d, per bloccare il continuo lavorio della mente conscia, preoccupata per le bollette da pagare, per la condizione dei figli\/e, dei genitori anziani, della carriera, della ricerca, di uno sgarbo fatto che ci pesa, etc., e far emergere il subconscio ed infine il super-conscio o inconscio, nella terminologia freudiana, con tutte le sue potenzialit\u00e0.<\/span><\/p>\n<p align=\"JUSTIFY\"><span style=\"font-family: Barlow Semi Condensed Medium, serif;\">La mente Subconscia gestisce la memoria, la deduzione, comparazione, computazione, chiaroveggenza, visione telepatica, etc. ed \u00e8 utilizzabile solo e solamente se la mente conscia \u00e8 calma.<\/span><\/p>\n<p align=\"JUSTIFY\"><span style=\"font-family: Barlow Semi Condensed Medium, serif;\">Sostenuto dalle pubblicazioni scientifiche e dagli effetti positivi di tali pratiche ho tenuto per 4 anni, da ottobre a giugno, dei \u201c<\/span><span style=\"font-family: Barlow Semi Condensed Medium, serif;\"><b>Corsi Antistress<\/b><\/span><span style=\"font-family: Barlow Semi Condensed Medium, serif;\">\u201d al <\/span><span style=\"font-family: Barlow Semi Condensed Medium, serif;\"><i>Policlinico di Borgo Roma a Verona<\/i><\/span><span style=\"font-family: Barlow Semi Condensed Medium, serif;\">, per il personale universitario e ospedaliero.<\/span><\/p>\n<p align=\"JUSTIFY\"><span style=\"font-family: Barlow Semi Condensed Medium, serif;\">Lo stress infatti \u00e8 stato dichiarato dalla UE la seconda malattia in Europa, dopo le malattie muscolo scheletriche.<\/span><\/p>\n<p align=\"JUSTIFY\"><span style=\"font-family: Barlow Semi Condensed Medium, serif;\">I risultati sono stati ottimi. Molte persone hanno rilevato che fare anche per un solo giorno questi esercizi yoga e 15 minuti di meditazione, portava beneficio per tutta la settimana, sonno profondo, meno ansie \u2026<\/span><\/p>\n<p align=\"JUSTIFY\"><span style=\"font-family: Barlow Semi Condensed Medium, serif;\">Durante la meditazione una signora si mise a piangere. Preoccupato ho fatto ricorso a tutte le mie esperienze pregresse, per capire cosa fosse successo. <\/span><\/p>\n<p align=\"JUSTIFY\"><span style=\"font-family: Barlow Semi Condensed Medium, serif;\">La soluzione \u00e8 giunta da una chiacchierata che feci tempo addietro con un monaco indiano che mi disse: <\/span><span style=\"font-family: Barlow Semi Condensed Medium, serif;\"><i>\u201cNei primi 5 minuti di meditazione c\u2019\u00e8 una lotta interiore per rimanere concentrati\/e. Poi con l\u2019uso del Mantra (una frase dal significato positivo) la mente conscia si blocca e si apre il coperchio del grande pentolone del subconscio, dove sono immagazzinate tutte le sequenze vissute della nostra vita. Tutto ci\u00f2 che abbiamo fatto o non fatto esce come in un film. Per questo possiamo gioire per aver aiutato qualcuno o superato, lottando, qualche difficolt\u00e0 o rammaricarci di non aver fatto ci\u00f2 che dovevamo o di aver fatto qualche errore. Se escono questi eventi e ci proponiamo di impegnarci di pi\u00f9 nei buoni propositi o di porvi rimedio con delle risoluzioni a cambiare vita, allora quegli aspetti negativi non tornano pi\u00f9 a galla e ci liberiamo di un grosso peso. Per sempre\u201d.<\/i><\/span><\/p>\n<p align=\"JUSTIFY\"><span style=\"font-family: Barlow Semi Condensed Medium, serif;\">Questo ho riferito alla signora in questione e tutto \u00e8 andato bene.<\/span><\/p>\n<p align=\"JUSTIFY\"><span style=\"font-family: Barlow Semi Condensed Medium, serif;\">Un giorno un padre di famiglia al quale era piaciuto un semplice esercizio di abluzione (aspergersi con acqua fresca le mani e gli avambracci, la faccia, il collo, la fossetta in cima alla testa e i polpacci) che aveva la potenzialit\u00e0 di rinfrescare la circolazione sanguigna, prima di mangiare, di dormire, di un viaggio o dello studio, mi disse: \u201c<\/span><span style=\"font-family: Barlow Semi Condensed Medium, serif;\"><i>ho insegnato a tutta la famiglia tale esercizio, \u00e8 semplice ed efficace!<\/i><\/span><span style=\"font-family: Barlow Semi Condensed Medium, serif;\">\u201d.<\/span><\/p>\n<p align=\"JUSTIFY\"><span style=\"font-family: Barlow Semi Condensed Medium, serif;\">Rividi dopo 6 anni un signore che al corso faceva con diligenza gli esercizi Yoga e la concentrazione, mi disse che faceva ancora tali pratiche. Chiesi il perch\u00e9. <\/span><span style=\"font-family: Barlow Semi Condensed Medium, serif;\"><i>\u201cPerch\u00e9 ho capito che mi fanno bene!\u201d<\/i><\/span><\/p>\n<p align=\"JUSTIFY\"><span style=\"font-family: Barlow Semi Condensed Medium, serif;\">Quindi rassicurato che la scienza intuizionale dello Yoga e della Meditazione, \u00e8 s\u00ec efficace cos\u00ec come lo si afferma, mi \u00e8 rimasto il desiderio di appurare se ci fosse una sua precisa relazione con la scienza Medica Ufficiale, in particolare con l\u2019Anatomia ed eventualmente la Neurologia.<\/span><\/p>\n<p align=\"JUSTIFY\"><span style=\"font-family: Barlow Semi Condensed Medium, serif;\">Avrete certamente visto negli ospedali e farmacie il simbolo dei due serpenti attorcigliati attorno ad un bastone centrale, il cosiddetto <\/span><span style=\"font-family: Barlow Semi Condensed Medium, serif;\"><i>\u201cIl Bastone di Asclepio\u201d<\/i><\/span><span style=\"font-family: Barlow Semi Condensed Medium, serif;\">, (FIG. 1). Asclepio o Esculapio, il dio della medicina. Ebbene questo simbolo presente in occidente ha dei legami profondi con l\u2019oriente.<\/span><\/p>\n<p align=\"JUSTIFY\"><span style=\"font-family: Barlow Semi Condensed Medium, serif;\">Lo troviamo tra i Sumeri 4.500 anni fa, (FIG. 2). Il bassorilievo mostra due grifoni che controllano una porta e due serpenti che custodiscono l\u2019accesso al \u201ccielo\u201d. In senso metasfisico.<\/span><\/p>\n<p align=\"JUSTIFY\"><span style=\"font-family: Barlow Semi Condensed Medium, serif;\">Il simbolismo sembra provenire dall\u2019India. La popolazione ASURA migr\u00f2 circa 10.000 anni fa dal Bengala verso la zona tra il Tigri e l\u2019Eufrate. Circa 9.000 anni fa gli Ariani provenienti dalla Russia Centrale, si scontrarono con la trib\u00f9 Assiria, gli ASURA (<\/span><span style=\"font-family: Barlow Semi Condensed Medium, serif;\"><i>Mitologia Ariana e Purana<\/i><\/span><span style=\"font-family: Barlow Semi Condensed Medium, serif;\">). <\/span><\/p>\n<p align=\"JUSTIFY\"><span style=\"font-family: Barlow Semi Condensed Medium, serif;\">Questi ASURA esercitavano il Tantra, la scienza intuizionale che aveva come simbolo il bastone di Asclepio, ma con un significato ben preciso. <\/span><\/p>\n<p align=\"JUSTIFY\"><span style=\"font-family: Barlow Semi Condensed Medium, serif;\">Indicava l\u2019energia vitale che scorreva lungo i nervi del midollo spinale e che si incrocia in determinati punti scaglionati lungo la spina dorsale, definiti centri psico-fisici. (FIG.3).<\/span><\/p>\n<p align=\"JUSTIFY\"><span style=\"font-family: Barlow Semi Condensed Medium, serif;\">Questi canali che trasportano energia psico-spirituale, partono dalla base della spina dorsale e risalgono incrociandosi nei centri di controllo psico-fisico (cakra), per collegarsi alla porzione sinistra e destra della ghiandola Pituitaria. Il ritmo del respiro controlla il flusso di energia psicho-spirituale in questi canali. <\/span><\/p>\n<p align=\"JUSTIFY\"><span style=\"font-family: Barlow Semi Condensed Medium, serif;\">Possiamo identificare gli strumenti fisici di questi tre canali psichici, chiamati rispettivamente IDA (<\/span><span style=\"font-family: Barlow Semi Condensed Medium, serif;\"><i>Confortevole<\/i><\/span><span style=\"font-family: Barlow Semi Condensed Medium, serif;\">), PINGALA (<\/span><span style=\"font-family: Barlow Semi Condensed Medium, serif;\"><i>Vincitore<\/i><\/span><span style=\"font-family: Barlow Semi Condensed Medium, serif;\">), e SUSHUMNA (<\/span><span style=\"font-family: Barlow Semi Condensed Medium, serif;\"><i>Gentile<\/i><\/span><span style=\"font-family: Barlow Semi Condensed Medium, serif;\">)nel sistema autonomo PARASIMPATICO e SIMPATICO che hanno funzioni opposte, ad es.: l\u2019uno rallenta il battito cardiaco, l\u2019altro lo accelera?<\/span><\/p>\n<p align=\"JUSTIFY\"><span style=\"font-family: Barlow Semi Condensed Medium, serif;\">Oppure nelle <\/span><span style=\"font-family: Barlow Semi Condensed Medium, serif;\"><b>fibre <\/b><\/span><span style=\"color: #0070c0;\"><span style=\"font-family: Barlow Semi Condensed Medium, serif;\"><b>ascendenti<\/b><\/span><\/span><span style=\"font-family: Barlow Semi Condensed Medium, serif;\"><b>, <\/b><\/span><span style=\"color: #ff0000;\"><span style=\"font-family: Barlow Semi Condensed Medium, serif;\"><b>discendenti <\/b><\/span><\/span><span style=\"font-family: Barlow Semi Condensed Medium, serif;\"><b>e <\/b><\/span><span style=\"color: #600060;\"><span style=\"font-family: Barlow Semi Condensed Medium, serif;\"><b>discendenti \/ ascendenti<\/b><\/span><\/span><b> <\/b><span style=\"font-family: Barlow Semi Condensed Medium, serif;\">del midollo spinale?<\/span><\/p>\n<p align=\"JUSTIFY\"><span style=\"font-family: Barlow Semi Condensed Medium, serif;\">Ci potrebbe stare. L\u2019incrocio di tali fibre nervose a livello dei centri definiti in Fig.3, \u00e8 da verificare ma vi \u00e8 un chiaro esempio di <\/span><span style=\"font-family: Barlow Semi Condensed Medium, serif;\"><b>Decussazione delle Piramidi<\/b><\/span><span style=\"font-family: Barlow Semi Condensed Medium, serif;\">, a livello della ghiandola Tiroide (FIG. 5) e corrisponderebbe al 5 centro chiamato Vishuddha (<\/span><span style=\"font-family: Barlow Semi Condensed Medium, serif;\"><i>Purificazione<\/i><\/span><span style=\"font-family: Barlow Semi Condensed Medium, serif;\">).<\/span><\/p>\n<p align=\"JUSTIFY\"><span style=\"color: #c00000;\"><span style=\"font-family: Barlow Semi Condensed Medium, serif;\">Quindi le pratiche dello YOGA hanno una perfetta corrispondenza psico-fisica, con l\u2019ANATOMIA UMANA.<\/span><\/span><\/p>\n","protected":false},"excerpt":{"rendered":"<p>di Tarcisio Bonotto C\u2019\u00e8 un collegamento tra la Scienza dello Yoga e Anatomia Umana? Da due strade separate: l\u2019una deriva dalla ricerca nel laboratorio mentale, l\u2019altra dalla ricerca nei laboratori fisici. &nbsp; \u00a0In particolare se ci\u00f2 che \u00e8 stato scoperto migliaia di anni fa, da <span class=\"excerpt-dots\">&hellip;<\/span> <a class=\"more-link\" href=\"https:\/\/neoumanista.it\/index.php\/2023\/03\/scienza-intuizionale-e-anatomia-umana\/\"><span class=\"more-msg\">Continua<\/span><\/a><\/p>\n","protected":false},"author":3,"featured_media":0,"comment_status":"open","ping_status":"open","sticky":false,"template":"","format":"standard","meta":{"footnotes":""},"categories":[73,71,14],"tags":[],"class_list":["post-861","post","type-post","status-publish","format-standard","hentry","category-europa","category-neoumanista","category-scienza"],"_links":{"self":[{"href":"https:\/\/neoumanista.it\/index.php\/wp-json\/wp\/v2\/posts\/861","targetHints":{"allow":["GET"]}}],"collection":[{"href":"https:\/\/neoumanista.it\/index.php\/wp-json\/wp\/v2\/posts"}],"about":[{"href":"https:\/\/neoumanista.it\/index.php\/wp-json\/wp\/v2\/types\/post"}],"author":[{"embeddable":true,"href":"https:\/\/neoumanista.it\/index.php\/wp-json\/wp\/v2\/users\/3"}],"replies":[{"embeddable":true,"href":"https:\/\/neoumanista.it\/index.php\/wp-json\/wp\/v2\/comments?post=861"}],"version-history":[{"count":1,"href":"https:\/\/neoumanista.it\/index.php\/wp-json\/wp\/v2\/posts\/861\/revisions"}],"predecessor-version":[{"id":863,"href":"https:\/\/neoumanista.it\/index.php\/wp-json\/wp\/v2\/posts\/861\/revisions\/863"}],"wp:attachment":[{"href":"https:\/\/neoumanista.it\/index.php\/wp-json\/wp\/v2\/media?parent=861"}],"wp:term":[{"taxonomy":"category","embeddable":true,"href":"https:\/\/neoumanista.it\/index.php\/wp-json\/wp\/v2\/categories?post=861"},{"taxonomy":"post_tag","embeddable":true,"href":"https:\/\/neoumanista.it\/index.php\/wp-json\/wp\/v2\/tags?post=861"}],"curies":[{"name":"wp","href":"https:\/\/api.w.org\/{rel}","templated":true}]}}