{"id":739,"date":"2023-02-15T11:15:39","date_gmt":"2023-02-15T10:15:39","guid":{"rendered":"https:\/\/neoumanista.it\/?p=739"},"modified":"2024-06-05T11:21:43","modified_gmt":"2024-06-05T09:21:43","slug":"unione-europea-fuori-la-competitivita-dentro-la-cooperazione-coordinata","status":"publish","type":"post","link":"https:\/\/neoumanista.it\/index.php\/2023\/02\/unione-europea-fuori-la-competitivita-dentro-la-cooperazione-coordinata\/","title":{"rendered":"Unione Europea. Fuori la Competitivit\u00e0 dentro la  Cooperazione Coordinata"},"content":{"rendered":"<div id=\"attachment_740\" style=\"width: 218px\" class=\"wp-caption alignright\"><img loading=\"lazy\" decoding=\"async\" aria-describedby=\"caption-attachment-740\" class=\" wp-image-740\" src=\"https:\/\/neoumanista.it\/wp-content\/uploads\/2023\/02\/nuove-e1676456009695-300x213.jpg\" alt=\"\" width=\"208\" height=\"148\" srcset=\"https:\/\/neoumanista.it\/wp-content\/uploads\/2023\/02\/nuove-e1676456009695-300x213.jpg 300w, https:\/\/neoumanista.it\/wp-content\/uploads\/2023\/02\/nuove-e1676456009695.jpg 320w\" sizes=\"auto, (max-width: 208px) 100vw, 208px\" \/><p id=\"caption-attachment-740\" class=\"wp-caption-text\">Noi siamo europei<\/p><\/div>\n<p align=\"JUSTIFY\"><span style=\"color: #000000;\"><span style=\"font-family: Barlow Semi Condensed Medium, serif;\"><span style=\"font-size: small;\">di Dante Nicola Faraoni<\/span><\/span><\/span><\/p>\n<p align=\"JUSTIFY\"><span style=\"color: #0070c0;\"><span style=\"font-family: Barlow Semi Condensed Medium, serif;\"><span style=\"font-size: small;\">Ricercando il significato Competitivit\u00e0 nel sito dell&#8217;Unione Europea viene fuori questa definizione:<\/span><\/span><\/span><span style=\"color: #0070c0;\"><span style=\"font-family: Barlow Semi Condensed Medium, serif;\"><span style=\"font-size: small;\"><i> &#8220;Un\u2019economia competitiva \u00e8 un\u2019economia il cui elevato tasso di produttivit\u00e0 riesce a generare crescita di conseguenza, reddito e benessere. La competitivit\u00e0 economica \u00e8 da tempo una delle priorit\u00e0 politiche dell\u2019Unione Europea. In tale contesto, l\u2019Unione ha accelerato la sua transizione verso la neutralit\u00e0 climatica e la leadership digitale, che trasforma l\u2019economia, la societ\u00e0 e l\u2019industria e richiede nuove tecnologie, investimenti e innovazioni per garantire che l\u2019Unione rimanga competitiva, consentendo al contempo alle societ\u00e0 ed economie dell\u2019Unione di crescere e <\/i><\/span><\/span><\/span><span style=\"color: #0070c0;\"><span style=\"font-family: Barlow Semi Condensed Medium, serif;\"><span style=\"font-size: small;\"><i><b>ridurre la povert\u00e0 e la disuguaglianza&#8221;.<\/b><\/i><\/span><\/span><\/span><\/p>\n<p align=\"JUSTIFY\"><span style=\"font-family: Barlow Semi Condensed Medium, serif;\">Questa confusa ed improbabile definizione dei fondamenti della crescita europea da&#8217; il quadro del momento di crisi che l&#8217;istituzione sta vivendo. E&#8217; poco credibile perch\u00e9 la povert\u00e0 e le disuguaglianze in questi ultimi anni sono aumentate. La crisi energetica sta facendo ripartire in molti Paesi UE le centrali a carbone contraddicendo gli obbiettivi della competitivit\u00e0 verso la neutralit\u00e0 energetica. Forse \u00e8 perch\u00e9 c&#8217;\u00e8 troppa &#8220;competitivit\u00e0&#8221; tra gli stessi Paesi UE che non si riesce ad accordarsi su un tetto sostenibile del prezzo del gas? Si! Come recentemente successo, la &#8220;competizione&#8221; la vincono gli speculatori che controllano le quotazioni di riferimento decise alla Borsa di Amsterdam sostenute dai governi di Olanda e Germania.<\/span><\/p>\n<p align=\"JUSTIFY\"><span style=\"font-family: Barlow Semi Condensed Medium, serif;\">Dopo gli scandali del &#8220;Qatargate&#8221;, e della scoperta che l&#8217;Unione \u00e8 completamente in balia delle lobby economiche di tutto il mondo \u00e8 evidente che la fiducia dei suoi cittadini sia in fortissimo calo. Accettare la competizione a chi dona al politico di turno la mazzetta pi\u00f9 alta e&#8217; diventata la regola. Oppure l&#8217;Europa continuer\u00e0 a giustificare in nome della competitivit\u00e0, quelle vergognose azioni di sciacallaggio che abbiamo visto dopo il default greco? <\/span><span style=\"font-family: Barlow Semi Condensed Medium, serif;\">L\u00ec \u00e8 stato permesso a finanzieri, multinazionali tedesche e francesi, in nome del rigore economico, di fare shopping a man bassa acquistando banche, aeroporti, compagnie di servizio pubblico e privato, perfino monumenti storici in un paese poco sviluppato come la Grecia. Competizione o sciacallaggio?<\/span><\/p>\n<p align=\"JUSTIFY\"><span style=\"font-family: Barlow Semi Condensed Medium, serif;\">In questo periodo di transizione dove vengono messi in discussione tutti i tipi di relazione in ambito globale, il nostro auspicio \u00e8 che l&#8217;Europa cambi la parola d&#8217;ordine competitivit\u00e0 con cooperazione. Una <strong>Cooperazione Coordinata<\/strong> tra gli Stati dell&#8217;Unione dove le arretratezze economiche di uno Stato siano colmate da uno degli altri 27 membri. <\/span><span style=\"font-family: Barlow Semi Condensed Medium, serif;\">Che si creino interscambi commerciali che aiutino in maniera mutualistica le reciproche parti, che prevalga il principio di crescita solidale su quello di profitto unilaterale. Sul principio della cooperazione coordinata si dovrebbero costruire anche i rapporti commerciali con i Paesi extra UE. <\/span><\/p>\n<p align=\"JUSTIFY\"><span style=\"font-family: Barlow Semi Condensed Medium, serif;\">Non e&#8217; forse la competitivit\u00e0 sui mercati globali di <strong>Russia<\/strong>, <strong>Cina<\/strong> e <strong>USA<\/strong> a mantenere la guerra ai nostri confini? La cooperazione coordinata tra i Paesi UE deve essere la sola risposta alle guerra in Ucraina creata dagli interessi di espansionismo economico dei Grandi Blocchi che si contendono l&#8217;Europa. Perch\u00e9 dovremmo produrre moduli fotovoltaici e altre tecnologie in Cina se l&#8217;Europa \u00e8 in grado di farle? <\/span><span style=\"font-family: Barlow Semi Condensed Medium, serif;\">Perch\u00e9 dobbiamo far fare le nostre scarpe e altre manifatture in Russia se siamo noi Europei in grado di farle? Perch\u00e9 la UE deve commercialmente e finanziariamente essere messa perennemente sotto scacco dagli USA se sono loro ad avere bisogno di noi Europei? <\/span><\/p>\n<p align=\"JUSTIFY\"><span style=\"font-family: Barlow Semi Condensed Medium, serif;\">L&#8217;Europa \u00e8 una civilt\u00e0 multicolore molto antica e saggia, possiamo insegnare agli &#8220;Americani&#8221; la cooperazione coordinata anche se le loro multinazionali e Wall Street non saranno molto d&#8217;accordo. Ai burocrati di Bruxelles va fatto un unico appello. <\/span><span style=\"color: #0070c0;\"><span style=\"font-family: Barlow Semi Condensed Medium, serif;\">Se c&#8217;\u00e8 veramente la volont\u00e0 di proseguire ed incrementare i valori di unit\u00e0 tra i popoli dell&#8217;Europa cambi il <strong>valore della competitivit\u00e0<\/strong> con i <strong>valori universali della Cooperazione Coordinata. <\/strong><\/span><\/span><\/p>\n<p align=\"JUSTIFY\"><span style=\"font-family: Barlow Semi Condensed Medium, serif;\">Che si imbocchi definitivamente la via alla solidariet\u00e0 e si abbandonino i valori predatori della competitivit\u00e0 globale causa delle attuali guerre in Europa e nel Mondo.<\/span><\/p>\n<p align=\"JUSTIFY\">\n","protected":false},"excerpt":{"rendered":"<p>di Dante Nicola Faraoni Ricercando il significato Competitivit\u00e0 nel sito dell&#8217;Unione Europea viene fuori questa definizione: &#8220;Un\u2019economia competitiva \u00e8 un\u2019economia il cui elevato tasso di produttivit\u00e0 riesce a generare crescita di conseguenza, reddito e benessere. La competitivit\u00e0 economica \u00e8 da tempo una delle priorit\u00e0 politiche <span class=\"excerpt-dots\">&hellip;<\/span> <a class=\"more-link\" href=\"https:\/\/neoumanista.it\/index.php\/2023\/02\/unione-europea-fuori-la-competitivita-dentro-la-cooperazione-coordinata\/\"><span class=\"more-msg\">Continua<\/span><\/a><\/p>\n","protected":false},"author":3,"featured_media":0,"comment_status":"open","ping_status":"open","sticky":false,"template":"","format":"standard","meta":{"footnotes":""},"categories":[68,66,67,10,73,71,8],"tags":[],"class_list":["post-739","post","type-post","status-publish","format-standard","hentry","category-competitivita","category-cooperazione","category-cooperazione-coordinata","category-economia","category-europa","category-neoumanista","category-sistema-cooperativo"],"_links":{"self":[{"href":"https:\/\/neoumanista.it\/index.php\/wp-json\/wp\/v2\/posts\/739","targetHints":{"allow":["GET"]}}],"collection":[{"href":"https:\/\/neoumanista.it\/index.php\/wp-json\/wp\/v2\/posts"}],"about":[{"href":"https:\/\/neoumanista.it\/index.php\/wp-json\/wp\/v2\/types\/post"}],"author":[{"embeddable":true,"href":"https:\/\/neoumanista.it\/index.php\/wp-json\/wp\/v2\/users\/3"}],"replies":[{"embeddable":true,"href":"https:\/\/neoumanista.it\/index.php\/wp-json\/wp\/v2\/comments?post=739"}],"version-history":[{"count":7,"href":"https:\/\/neoumanista.it\/index.php\/wp-json\/wp\/v2\/posts\/739\/revisions"}],"predecessor-version":[{"id":1049,"href":"https:\/\/neoumanista.it\/index.php\/wp-json\/wp\/v2\/posts\/739\/revisions\/1049"}],"wp:attachment":[{"href":"https:\/\/neoumanista.it\/index.php\/wp-json\/wp\/v2\/media?parent=739"}],"wp:term":[{"taxonomy":"category","embeddable":true,"href":"https:\/\/neoumanista.it\/index.php\/wp-json\/wp\/v2\/categories?post=739"},{"taxonomy":"post_tag","embeddable":true,"href":"https:\/\/neoumanista.it\/index.php\/wp-json\/wp\/v2\/tags?post=739"}],"curies":[{"name":"wp","href":"https:\/\/api.w.org\/{rel}","templated":true}]}}