{"id":247,"date":"2022-09-24T19:36:25","date_gmt":"2022-09-24T17:36:25","guid":{"rendered":"http:\/\/neoumanista.it\/?p=247"},"modified":"2024-06-05T11:59:32","modified_gmt":"2024-06-05T09:59:32","slug":"buone-notizie","status":"publish","type":"post","link":"https:\/\/neoumanista.it\/index.php\/2022\/09\/buone-notizie\/","title":{"rendered":"Buone Notizie"},"content":{"rendered":"<div class=\"wpb-content-wrapper\"><p>[vc_row][vc_column][vc_column_text]<span style=\"font-size: 22px; color: #ff0000;\"><strong>RIVOLUZIONE FELICE.<\/strong><\/span><br \/>\n<span style=\"font-size: 18px; font-family: Roboto, sans-serif;\"><strong>DALLE SCELTE DEI CONSUMATORI ALLE PROPOSTE SU UN NUOVO PARADIGMA ECONOMICO<\/strong><\/span><br \/>\n<span style=\"color: #0000ff;\"><em><span style=\"font-family: 'Roboto Condensed', sans-serif; font-size: 18px;\">Dopo due anni tra pandemia ed infodemia e un terzo anno in corso ancora pi\u00f9 esplosivo e irto di ostacoli rappresentati da crisi climatica, speculazioni finanziarie su materie prime, inflazione e recessione, guerra tra Russia ed Europa, appare improrogabile un mutamento non semplicemente di mentalit\u00e0, ma serve un cambio della psicologia dominante. Occorre sensibilizzare l\u2019opinione pubblica sulla necessit\u00e0 di coinvolgere i lavoratori nella gestione dell\u2019economia e che \u00e8 possibile spezzare il meccanismo economico e di sfruttamento che genera ingiustizie e mette in pericolo la stessa democrazia politica. La strada della Rivoluzione Felice rappresenta in Occidente un modello di cambiamento dall\u2019egemonia dell\u2019\u00e9lite dei super ricchi, al governo dei diritti dei molti.<\/span><\/em><\/span><\/p>\n<p><span style=\"font-family: Roboto, sans-serif;\"><strong><span style=\"font-size: 18px;\">PETIZIONE EUROPEA CONTRO LA PUBBLICIT\u00c0 SU AZIENDE CHE INQUINANO<\/span><\/strong><\/span><br \/>\nPer prima Greenpeace ha lanciato a ottobre 2021 una petizione europea per vietare la pubblicit\u00e0 di tutte le aziende che inquinano e peggiorano la crisi ambientale e climatica del secolo (fonte: https:\/\/attivati.greenpeace.it\/petizioni\/basta-spot-aziende-inquinanti\/?_ga=2.15722932.380478507.1662823129-444627481.1662823129).<\/p>\n<p><span style=\"font-family: Roboto, sans-serif;\"><strong><span style=\"font-size: 18px;\">RISOLUZIONE UE CONTRO L\u2019IMPORTAZIONE DI MERCE FRUTTO DI SCHIAVIT\u00d9 DEI CINESI UIGURI<\/span><\/strong><\/span><br \/>\nPoi \u00e8 stata la volta dell\u2019UE che ha approvato una risoluzione non vincolante a giugno 2022 &#8211; (2022\/2700(RSP) che contrasta l\u2019ingresso nell\u2019UE di merce frutto della schiavit\u00f9 della popolazione etnica cinese degli Uiguri: 1 milione di abitanti internati, 380 campi di rieducazione allestiti per imprigionare gli uiguri, torturarli e costringerli ai lavori forzati. Ora la Commissione europea e i singoli Stati membri dovranno decidere sul da farsi. (fonte: https:\/\/www.europarl.europa.eu\/doceo\/document\/RC-9-2022-0310_IT.html). Gi\u00e0 nel 2021 gli USA decisero il divieto di importazione di prodotti dai campi Uiguri.<br \/>\nLa Francia ha aperto un&#8217;inchiesta per &#8220;occultamento di crimini contro l&#8217;umanit\u00e0&#8221; nei confronti di 4 colossi della moda accusati di sfruttare il lavoro degli uiguri (fonte: https:\/\/www.ansa.it del 01.07.2021).<br \/>\nIn un rapporto di settembre 2022 l\u2019ONU denuncia la Cina sulle violazioni dei diritti umani sulla minoranza uigura.<\/p>\n<p><span style=\"font-size: 18px; font-family: Roboto, sans-serif;\"><strong>UNA LEGGE COMUNALE IN OLANDA CONTRO LA PUBBLICIT\u00c0 SULLA CARNE<\/strong><\/span><br \/>\nLa citt\u00e0 olandese di Haarlem ha deciso a settembre 2022 di vietare la pubblicit\u00e0 della carne negli spazi pubblici comunali a partire dal 2024 perch\u00e9 gli allevamenti sono causa dei cambiamenti climatici dopo aver aggiunto la carne a un elenco di prodotti ritenuti responsabili della crisi climatica. HAARLEM sar\u00e0 la prima citt\u00e0 al mondo a vietare la pubblicit\u00e0 di carne nel tentativo di ridurre i consumi e le emissioni di gas serra (fonte: https:\/\/www.ansa.it\/sito\/notizie\/mondo\/2022\/09\/06\/haarlem-sara-prima-citta-al-mondo-a-vietare-pubblicita-carne_35e48fc4-78f5-410e-8190-68ddc5e69dd2.html).<\/p>\n<p><span style=\"font-family: Roboto, sans-serif; font-size: 18px;\"><strong>NUOVA PROPOSTA DI PETIZIONE PER BLOCCARE LE CAMPAGNE PUBBLICITARIE DI AZIENDE CHE NON RISPETTANO I DIRITTI UMANI E I PRINCIPI DELL\u2019ORGANIZZAZIONE INTERNAZIONALE DEL LAVORO (ILO)<\/strong><\/span><br \/>\nBen vengano idee progressiste come ben espresse nel PROUT che contrastino sullo stesso campo chi \u00e8 convinto che i diritti della maggioranza pendono dalla tirannia dell\u2019\u00e9lite economica. Vietiamo ogni forma di pubblicit\u00e0 delle multinazionali che aggrediscono i diritti economici, concentrano ricchezza nella mani di pochi, sfruttano risorse locali sui territori a proprio vantaggio e delocalizzandone i profitti, speculano sui prezzi delle materie prime, annullano le occasioni di solidariet\u00e0 e cooperazione! Se ad esempio ENI, EDISON, ENEL, ecc. proprio non vogliono essere tassati gli utili sugli extra-profitti, \u00e8 ora che da subito si blocchi loro la possibilit\u00e0 di fare pubblicit\u00e0, in parallelo arrivando progressivamente ad una loro nazionalizzazione.[\/vc_column_text][\/vc_column][\/vc_row]<\/p>\n<\/div>","protected":false},"excerpt":{"rendered":"<p>[vc_row][vc_column][vc_column_text]RIVOLUZIONE FELICE. DALLE SCELTE DEI CONSUMATORI ALLE PROPOSTE SU UN NUOVO PARADIGMA ECONOMICO Dopo due anni tra pandemia ed infodemia e un terzo anno in corso ancora pi\u00f9 esplosivo e irto di ostacoli rappresentati da crisi climatica, speculazioni finanziarie su materie prime, inflazione e recessione, <span class=\"excerpt-dots\">&hellip;<\/span> <a class=\"more-link\" href=\"https:\/\/neoumanista.it\/index.php\/2022\/09\/buone-notizie\/\"><span class=\"more-msg\">Continua<\/span><\/a><\/p>\n","protected":false},"author":2,"featured_media":0,"comment_status":"open","ping_status":"open","sticky":false,"template":"","format":"standard","meta":{"footnotes":""},"categories":[12,66,72,73,63],"tags":[],"class_list":["post-247","post","type-post","status-publish","format-standard","hentry","category-buone-notizie","category-cooperazione","category-democrazia-economica","category-europa","category-prout"],"_links":{"self":[{"href":"https:\/\/neoumanista.it\/index.php\/wp-json\/wp\/v2\/posts\/247","targetHints":{"allow":["GET"]}}],"collection":[{"href":"https:\/\/neoumanista.it\/index.php\/wp-json\/wp\/v2\/posts"}],"about":[{"href":"https:\/\/neoumanista.it\/index.php\/wp-json\/wp\/v2\/types\/post"}],"author":[{"embeddable":true,"href":"https:\/\/neoumanista.it\/index.php\/wp-json\/wp\/v2\/users\/2"}],"replies":[{"embeddable":true,"href":"https:\/\/neoumanista.it\/index.php\/wp-json\/wp\/v2\/comments?post=247"}],"version-history":[{"count":4,"href":"https:\/\/neoumanista.it\/index.php\/wp-json\/wp\/v2\/posts\/247\/revisions"}],"predecessor-version":[{"id":249,"href":"https:\/\/neoumanista.it\/index.php\/wp-json\/wp\/v2\/posts\/247\/revisions\/249"}],"wp:attachment":[{"href":"https:\/\/neoumanista.it\/index.php\/wp-json\/wp\/v2\/media?parent=247"}],"wp:term":[{"taxonomy":"category","embeddable":true,"href":"https:\/\/neoumanista.it\/index.php\/wp-json\/wp\/v2\/categories?post=247"},{"taxonomy":"post_tag","embeddable":true,"href":"https:\/\/neoumanista.it\/index.php\/wp-json\/wp\/v2\/tags?post=247"}],"curies":[{"name":"wp","href":"https:\/\/api.w.org\/{rel}","templated":true}]}}