{"id":1446,"date":"2026-03-14T11:51:23","date_gmt":"2026-03-14T10:51:23","guid":{"rendered":"https:\/\/neoumanista.it\/?p=1446"},"modified":"2026-03-14T12:54:43","modified_gmt":"2026-03-14T11:54:43","slug":"referendum-giustizia-da-quale-parte-della-storia-dobbiamo-stare","status":"publish","type":"post","link":"https:\/\/neoumanista.it\/index.php\/2026\/03\/referendum-giustizia-da-quale-parte-della-storia-dobbiamo-stare\/","title":{"rendered":"Referendum Giustizia: da quale parte della storia dobbiamo stare?"},"content":{"rendered":"\n<p>Tra pochi giorni dovremo andare a votare il Referendum abrogativo sulla riforma della Giustizia. Questo processo di cambiamento delle regole dello Stato di diritto \u00e8 gi\u00e0 iniziata con la recente riforma della <strong>Corte dei Conti <\/strong>(magistratura contabile) che ha depotenziato drasticamente le funzioni di controllo di questo organo che vigila sull\u2019utilizzo del denaro pubblico. Depenalizzando la responsabilit\u00e0 di funzionari, amministratori e politici sui conti pubblici \u00e8 stato in modo significativo abbassato il controllo su casi di corruzione e di responsabilit\u00e0 finanziaria. La riforma distorce il ruolo istituzionale della magistratura contabile che, da organo di controllo giudiziario del bene pubblico, \u00e8 stata relegata ad una pi\u00f9 debole autorit\u00e0 amministrativa. <strong>Con l\u2019aumento dell\u2019infiltrazione del malaffare nella gestione del denaro, i conti pubblici avrebbero bisogno di maggiori controlli e di meno interferenze della politica che invece depotenzia l\u2019intervento della Corte dei Conti.<\/strong>\u00a0<\/p>\n\n\n\n<p>Questa riforma penalizzer\u00e0 le entrate dello Stato in quanto a recupero economico sui beni danneggiati. Il procuratore regionale della Corte dei Conti della Lombardia Paolo Evangelisti a tal proposito dice: <em>\u201cNegli ultimi tre anni abbiamo recuperato, in termini di introiti effettivi per gli enti danneggiati, quasi 51 milioni di euro. Dati che difficilmente riusciremo a replicare dopo <\/em><strong><em>la riforma Foti<\/em><\/strong><em>, visto che il risarcimento non potr\u00e0 superare il 30% del danno erariale accertato o due annualit\u00e0 di stipendio. Vuol dire che il 70% resta accollato a noi contribuenti. Danneggia i cittadini e la collettivit\u00e0\u201d. <\/em>La riforma della magistratura contabile imposta dall\u2019attuale maggioranza di Governo ha limitato le funzioni e ha ridisegnato la responsabilit\u00e0 erariale di amministratori e funzionari pubblici.<\/p>\n\n\n\n<p>E\u2019 lo stesso P. R. Sarkar fondatore della Teoria Prout a metterci in guardia da tali interventi: <em>\u201cInfine, per il corretto utilizzo delle entrate nazionali e per garantire che ogni denaro venga speso per la costruzione della nazione, \u00e8 estremamente importante che anche la magistratura dei revisori dei conti sia indipendente. <\/em><strong><em>Il revisore generale dei conti dovrebbe essere indipendente dal Presidente (in Italia dal Governo, ndt)<\/em><\/strong><em>. Solo l&#8217;indipendenza del revisore generale dei conti pu\u00f2 garantire che questo dipartimento possa controllare senza timore i conti di ogni altro settore amministrativo dello Stato.<\/em><strong><em> Pertanto, dovrebbe essere un ramo amministrativo separato dal governo, indipendente dal partito che detiene la maggioranza\u201d<\/em><\/strong><em>. (Democrazia compartimentata di Prabhat Ranjan Sarkar 17 luglio 1961,&nbsp; Bettiah, Bihar &#8211; India, pubblicato in: Prout in a Nutshell Volume 3 Parte 14)<\/em><\/p>\n\n\n\n<p>Le interferenze della politica sugli organi dello Stato con funzioni di far osservare le Leggi, sono un rischio che impediscono il progresso sociale. Con il <strong>Referendum l\u2019attuale maggioranza di governo vuole eliminare la separazione dei poteri che i padri fondatori della nostra Costituzione avevano saggiamente proposto.<\/strong><\/p>\n\n\n\n<p>Sulla separazione dei poteri: <strong>legislativo, esecutivo, giudiziario e di revisore dei conti, <\/strong>P. R. Sarkar \u00e8 chiaro ed esplicito:<strong><em>\u201cTutti e quattro i rami sopra menzionati dovrebbero avere la possibilit\u00e0 di funzionare in modo indipendente. Ci saranno quindi quattro compartimenti. Nessun compartimento funzioner\u00e0 sotto l&#8217;egida di un altro\u201d<\/em>.&nbsp;<\/strong><\/p>\n\n\n\n<p>Il sistema di Democrazia Compartimentata proposto da Sarkar \u00e8 necessario per aumentare la capacit\u00e0 di mantenimento dei valori morali e di etica Neo Umanistica della macchina dello Stato.<\/p>\n\n\n\n<p>&nbsp;E\u2019 per questa ragione che tutte le persone morali che intendono creare un futuro basato sulle libert\u00e0 ed i diritti di tutti devono esprimersi per<strong> il NO al Referendum sulla giustizia che voteremo il 22 &#8211; 23 Marzo.&nbsp;<\/strong><\/p>\n","protected":false},"excerpt":{"rendered":"<p>Tra pochi giorni dovremo andare a votare il Referendum abrogativo sulla riforma della Giustizia. Questo processo di cambiamento delle regole dello Stato di diritto \u00e8 gi\u00e0 iniziata con la recente riforma della Corte dei Conti (magistratura contabile) che ha depotenziato drasticamente le funzioni di controllo <span class=\"excerpt-dots\">&hellip;<\/span> <a class=\"more-link\" href=\"https:\/\/neoumanista.it\/index.php\/2026\/03\/referendum-giustizia-da-quale-parte-della-storia-dobbiamo-stare\/\"><span class=\"more-msg\">Continua<\/span><\/a><\/p>\n","protected":false},"author":3,"featured_media":1449,"comment_status":"open","ping_status":"open","sticky":false,"template":"","format":"standard","meta":{"footnotes":""},"categories":[18],"tags":[],"class_list":["post-1446","post","type-post","status-publish","format-standard","has-post-thumbnail","hentry","category-diritti-umani"],"_links":{"self":[{"href":"https:\/\/neoumanista.it\/index.php\/wp-json\/wp\/v2\/posts\/1446","targetHints":{"allow":["GET"]}}],"collection":[{"href":"https:\/\/neoumanista.it\/index.php\/wp-json\/wp\/v2\/posts"}],"about":[{"href":"https:\/\/neoumanista.it\/index.php\/wp-json\/wp\/v2\/types\/post"}],"author":[{"embeddable":true,"href":"https:\/\/neoumanista.it\/index.php\/wp-json\/wp\/v2\/users\/3"}],"replies":[{"embeddable":true,"href":"https:\/\/neoumanista.it\/index.php\/wp-json\/wp\/v2\/comments?post=1446"}],"version-history":[{"count":2,"href":"https:\/\/neoumanista.it\/index.php\/wp-json\/wp\/v2\/posts\/1446\/revisions"}],"predecessor-version":[{"id":1451,"href":"https:\/\/neoumanista.it\/index.php\/wp-json\/wp\/v2\/posts\/1446\/revisions\/1451"}],"wp:featuredmedia":[{"embeddable":true,"href":"https:\/\/neoumanista.it\/index.php\/wp-json\/wp\/v2\/media\/1449"}],"wp:attachment":[{"href":"https:\/\/neoumanista.it\/index.php\/wp-json\/wp\/v2\/media?parent=1446"}],"wp:term":[{"taxonomy":"category","embeddable":true,"href":"https:\/\/neoumanista.it\/index.php\/wp-json\/wp\/v2\/categories?post=1446"},{"taxonomy":"post_tag","embeddable":true,"href":"https:\/\/neoumanista.it\/index.php\/wp-json\/wp\/v2\/tags?post=1446"}],"curies":[{"name":"wp","href":"https:\/\/api.w.org\/{rel}","templated":true}]}}