{"id":1429,"date":"2025-04-08T07:54:28","date_gmt":"2025-04-08T05:54:28","guid":{"rendered":"https:\/\/neoumanista.it\/?p=1429"},"modified":"2025-04-08T07:57:38","modified_gmt":"2025-04-08T05:57:38","slug":"europa-identita-e-rilancio-neoumanista","status":"publish","type":"post","link":"https:\/\/neoumanista.it\/index.php\/2025\/04\/europa-identita-e-rilancio-neoumanista\/","title":{"rendered":"Europa, Identit\u00e0 e Rilancio Neoumanista"},"content":{"rendered":"\n<p>In un tempo di transizione profonda, l&#8217;Europa si trova a un bivio storico. La sua identit\u00e0, mai veramente unificata se non su basi economiche e burocratiche, mostra ora tutte le sue fragilit\u00e0. Tra queste, il nazionalismo che con la degenerazione imperialista, ha causato sofferenze inenarrabili nella storia del continente, si sta riaffacciando sotto nuove forme, giustificate da esigenze di sicurezza, autonomia strategica e competizione globale.<br>Oggi pi\u00f9 che mai, emerge la necessit\u00e0 di una visione neoumanista per l\u2019Europa: un paradigma basato sull\u2019autosufficienza economica, sull\u2019equit\u00e0 nella distribuzione delle risorse e su una collaborazione autentica tra i popoli, anzich\u00e9 sulla competizione esasperata.<br>Mentre potenze come Cina, Corea e Giappone perseguono modelli di espansione commerciale aggressiva, il mercato europeo ha invece la possibilit\u00e0 concreta di diventare autosufficiente, ricostruendo filiere produttive locali e spezzando la dipendenza da logiche globaliste che arricchiscono soltanto le multinazionali. Come proposto da Sarkar, il fondatore del Prout, ogni area socio-economica dovrebbe tendere alla massima autosufficienza, attraverso reti collaborative e piani economici territoriali.<\/p>\n\n\n\n<p><strong>La Fine della Maschera Democratica<\/strong><br>Il capitalismo, che per decenni ha illuso i popoli con la retorica della libert\u00e0 e della democrazia liberale, sta mostrando il suo vero volto: un\u2019ideologia dello sfruttamento. Quando la maschera cade, rimane solo la logica nuda della forza. Non sorprende che oggi il capitalismo globale stia virando verso un capitalismo di Stato, dove l\u2019interesse nazionale \u00e8 usato per giustificare l\u2019accaparramento di risorse strategiche e la corsa agli armamenti.<br>Il caso della Germania \u00e8 emblematico. Con investimenti massicci nel settore militare e infrastrutturale, essa si prepara a un futuro in cui la potenza economica sar\u00e0 sostenuta anche dalla potenza militare. Ma questa deriva, lungi dal rafforzare l\u2019unit\u00e0 europea, rischia di accentuare le disuguaglianze interne, preparando il terreno a nuovi conflitti per il controllo delle materie prime, come nel caso ucraino.<\/p>\n\n\n\n<p><strong>Un&#8217;Alternativa Etica e Solidale<\/strong><br>Per evitare il collasso rovinoso del capitalismo \u2014 inevitabile se continuer\u00e0 su questa strada \u2014 \u00e8 urgente una presa di coscienza collettiva. Il Prout, attraverso la sua filosofia universalista, afferma che le risorse del pianeta sono un patrimonio comune dell\u2019umanit\u00e0 e che nessuna nazione, gruppo o individuo pu\u00f2 arrogarsi il diritto esclusivo di sfruttarle.<br>MDE propone un\u2019alternativa fondata sulla cooperazione coordinata, sulla propriet\u00e0 collettiva dei mezzi di produzione oltre una certa scala, e sulla pianificazione economica partecipativa. Le grandi imprese devono diventare cooperative, al servizio della comunit\u00e0, e il sistema fiscale deve essere trasformato per favorire la produzione reale e non la speculazione.<\/p>\n\n\n\n<p><strong>La Visione Neoumanista come Faro per l\u2019Europa<\/strong><br>Oggi sentiamo fortemente la mancanza di una visione etica, integrata, orientata al benessere di tutti. Il Neoumanesimo \u00e8 questa visione: una proposta che unisce spiritualit\u00e0 e azione concreta, che rifiuta lo sfruttamento e afferma il diritto di ogni essere vivente a vivere con dignit\u00e0.<br>L\u2019Europa pu\u00f2 ancora scegliere: continuare a seguire la via dell\u2019imperialismo economico e del riarmo, oppure intraprendere una nuova strada basata su solidariet\u00e0, autosufficienza e rispetto per tutti gli esseri viventi. MDE, <strong>Movimento per la Democrazia Economica<\/strong>, \u00e8 pronto a indicare questa direzione.<\/p>\n\n\n\n<p><\/p>\n","protected":false},"excerpt":{"rendered":"<p>In un tempo di transizione profonda, l&#8217;Europa si trova a un bivio storico. La sua identit\u00e0, mai veramente unificata se non su basi economiche e burocratiche, mostra ora tutte le sue fragilit\u00e0. Tra queste, il nazionalismo che con la degenerazione imperialista, ha causato sofferenze inenarrabili <span class=\"excerpt-dots\">&hellip;<\/span> <a class=\"more-link\" href=\"https:\/\/neoumanista.it\/index.php\/2025\/04\/europa-identita-e-rilancio-neoumanista\/\"><span class=\"more-msg\">Continua<\/span><\/a><\/p>\n","protected":false},"author":1,"featured_media":1127,"comment_status":"open","ping_status":"open","sticky":false,"template":"","format":"standard","meta":{"footnotes":""},"categories":[73],"tags":[50,56,52],"class_list":["post-1429","post","type-post","status-publish","format-standard","has-post-thumbnail","hentry","category-europa","tag-democrazia-economica","tag-europa","tag-neo-umanesimo"],"_links":{"self":[{"href":"https:\/\/neoumanista.it\/index.php\/wp-json\/wp\/v2\/posts\/1429","targetHints":{"allow":["GET"]}}],"collection":[{"href":"https:\/\/neoumanista.it\/index.php\/wp-json\/wp\/v2\/posts"}],"about":[{"href":"https:\/\/neoumanista.it\/index.php\/wp-json\/wp\/v2\/types\/post"}],"author":[{"embeddable":true,"href":"https:\/\/neoumanista.it\/index.php\/wp-json\/wp\/v2\/users\/1"}],"replies":[{"embeddable":true,"href":"https:\/\/neoumanista.it\/index.php\/wp-json\/wp\/v2\/comments?post=1429"}],"version-history":[{"count":1,"href":"https:\/\/neoumanista.it\/index.php\/wp-json\/wp\/v2\/posts\/1429\/revisions"}],"predecessor-version":[{"id":1431,"href":"https:\/\/neoumanista.it\/index.php\/wp-json\/wp\/v2\/posts\/1429\/revisions\/1431"}],"wp:featuredmedia":[{"embeddable":true,"href":"https:\/\/neoumanista.it\/index.php\/wp-json\/wp\/v2\/media\/1127"}],"wp:attachment":[{"href":"https:\/\/neoumanista.it\/index.php\/wp-json\/wp\/v2\/media?parent=1429"}],"wp:term":[{"taxonomy":"category","embeddable":true,"href":"https:\/\/neoumanista.it\/index.php\/wp-json\/wp\/v2\/categories?post=1429"},{"taxonomy":"post_tag","embeddable":true,"href":"https:\/\/neoumanista.it\/index.php\/wp-json\/wp\/v2\/tags?post=1429"}],"curies":[{"name":"wp","href":"https:\/\/api.w.org\/{rel}","templated":true}]}}