{"id":1088,"date":"2023-06-10T09:48:46","date_gmt":"2023-06-10T07:48:46","guid":{"rendered":"https:\/\/neoumanista.it\/?p=1088"},"modified":"2024-06-05T11:59:49","modified_gmt":"2024-06-05T09:59:49","slug":"la-guerra-dei-chip-e-la-fine-della-globalizzazione-economica-leuropa-ad-una-svolta","status":"publish","type":"post","link":"https:\/\/neoumanista.it\/index.php\/2023\/06\/la-guerra-dei-chip-e-la-fine-della-globalizzazione-economica-leuropa-ad-una-svolta\/","title":{"rendered":"La guerra dei chip e la fine della globalizzazione economica. L&#8217;Europa ad una svolta."},"content":{"rendered":"\n<p>Ci sono fondate certezze che nel giro di pochi anni la globalizzazione economica avr\u00e0 una fine, sicuramente un forte ridimensionamento. <strong>Certamente la guerra in Ucraina \u00e8 quell&#8217;evento storico che rappresenta lo spartiacque tra quello che era la condivisione del mercato globale prima e la grande trasformazione degli scenari economici odierni.<\/strong> Sono anni che la Russia dice all&#8217;Europa Comunitaria che non gradisce il suo espansionismo commerciale verso est. La UE continuava ad ignorare il fatto invitando Ucraina, Moldavia, Georgia ad annettersi. La Russia, allora ha tirato fuori i carri armati; prima ha occupato la Crimea e poi, visto che tutti continuavano ad ignorarla, ha invaso l&#8217;Ucraina avvertendo gli altri Stati vicini: <em>\u201cAttenzione a come vi muovete perch\u00e9 i prossimi potreste essere voi!\u201d<\/em>. Dietro, ad attendere che la situazione degenerasse, ignorando qualsiasi azione pacificatoria, erano pronti gli Stati Uniti che con la scusa della NATO hanno usato il solito travestimento da <em>Gendarme Mondiale,<\/em> organizzando la <em>&#8220;resistenza&#8221;<\/em> contro l&#8217;invasore. Gli USA prendono con una fava tre piccioni:<\/p>\n\n\n\n<p><strong>1. Controlla l&#8217;espansionismo economico Russo.<\/strong><\/p>\n\n\n\n<p><strong>2. Sbarra la strada alla Cina che si stava costruendo una delle vie della seta strategiche per rafforzare i suoi rapporti commerciali a nord e ad est Europa.<\/strong><\/p>\n\n\n\n<p><strong>3. Costringe la UE a mantenere stretti rapporti economici oltre oceano e a non espandersi verso la Cina o la Russia.<\/strong><\/p>\n\n\n\n<p>Gli USA non sono pi\u00f9 i soli a voler governare la globalizzazione, ha la concorrenza aggressiva di Cina e Russia, ai quali se gli dici di NO tirano fuori le armi. Questa escalation si \u00e8 velocizzata dopo lo scoppio della guerra in Ucraina facendo iniziare una battaglia diplomatica tra i grandi blocchi dove minacce e accuse hanno sostituito gli accordi commerciali. Sul tavolo non ci sono pi\u00f9 scarpe, t-shirt, cellulari, PC o TV ma carri armati, mortai e droni. Tutto ci\u00f2 non sembra avere durata breve. <strong>I trattati del WTO sono diventati carta straccia ed assistiamo ad una guerra commerciale senza regole dove la conquista dei mercati si fa anche con i cannoni.<\/strong><\/p>\n\n\n\n<p>USA\/CINA: GUERRA ALL&#8217;ULTIMO MICROCHIP<\/p>\n\n\n\n<p>Un altro fatto, che certamente sostiene questa tesi, \u00e8 la guerra dei <strong>microchip di ultima generazione<\/strong> scatenatasi tra la Cina e gli USA.<\/p>\n\n\n\n<p>L&#8217;industria mondiale dei semiconduttori fa girare la produzione ed il commercio di auto, telefonini, PC, TV, tutti gli elettrodomestici di ultima generazione, sistemi di controllo del traffico e della mobilit\u00e0 su scala planetaria, reti internet e sistemi di difesa. Tutta la nostra <em><strong>&#8220;vita&#8221; <\/strong><\/em>dipende da questa sofisticata tecnologia raccolta in <em>&#8220;wafers&#8221;<\/em> di pochi centimetri se non millimetri. Gli Stati Uniti, assieme a Taiwan, ne detengono i segreti di realizzazione. Fanno parte di questa filiera esclusiva anche Giappone, Corea del Sud, e, per l&#8217;Europa, l&#8217;Olanda che produce sofisticatissimi macchinari per realizzare questi microchip. Chi vuole utilizzare queste tecnologie si deve rivolgere agli &#8220;americani&#8221; che ne detengono i brevetti; per acquistare il prodotto ai taiwanesi. Ora gli USA hanno deciso di spostare la produzione di queste tecnologie sul suolo nazionale creando delle industrie proprie sovvenzionate dallo Stato. L&#8217;obiettivo \u00e8 duplice: rafforzare la loro supremazia in questo settore strategico e bloccare <strong>l&#8217;espansionismo commerciale e produttivo cinese<\/strong> in tutti quei settori dove questi semiconduttori vengono utilizzati.<\/p>\n\n\n\n<p>Dall&#8217;inizio della guerra in Ucraina \u00e8 vietato vendere questi microchip alla Russia perch\u00e9 queste tecnologie possono essere usate per rendere pi\u00f9 efficaci fucili, carri armati e quant&#8217;altro necessario all&#8217;industria bellica. E&#8217; con questa sofisticata tecnologia che il piccolo esercito ucraino riesce a tenere testa alla grande potenza militare russa.<\/p>\n\n\n\n<p>Un altro evento che conferma l&#8217;intensificarsi di questa guerra tecnologica \u00e8 il braccio di ferro tra la nota multinazionale dei cellulari Huawei e gli USA. Nel 2018 viene arrestata in Canada la figlia del fondatore di Huawei, Meng Wanzhou accusata di aver violato l\u2019embargo commerciale imposto dagli Stati Uniti all\u2019Iran, vendendo prodotti per le telecomunicazioni che utilizzano brevetti su licenza statunitensi. Poi l&#8217;accusa di spionaggio fatta al colosso Cinese che nel 2019, \u00e8 stato il principale produttore mondiale di smartphone con 122 miliardi di ricavi. Infine l&#8217;embargo al big tech cinese a cui viene vietato l&#8217;utilizzo di licenze di tecnologie Made in USA. A tal proposito \u00e8 noto il racconto di un dirigente di una di queste aziende produttrici di microchip di Taiwan. Subito dopo l&#8217;annuncio dell&#8217;embargo la Huawei si present\u00f2 in Taiwan con 3, 4 aerei cargo da riempire di semiconduttori per portarli in patria. Questo per dire quanto l&#8217;industria manifatturiera cinese dipenda da queste tecnologie. A inizio anno il Presidente Biden ha inasprito questo embargo; la Cina ha protestato denunciando il non rispetto degli accordi WTO; USA ha risposto mandando la speaker del Congresso Nancy Pelosi in visita diplomatica a Taiwan; la Cina ha ribattuto che l&#8217;isola \u00e8 una sua provincia e se qualcuno la pensa in modo contrario sono pronti all&#8217;invasione.<\/p>\n\n\n\n<p><strong>Con il Trattato del WTO che nessuno rispetta, con lo stallo dell&#8217;ONU che non ha poteri per intervenire in caso di conflitti armati, se qualcuno pensa che il progetto della Globalizzazione economica possa ancora stare in piedi, spieghi in che modo!<\/strong><\/p>\n\n\n\n<p>I conflitti si allagheranno, in Oriente, in Africa, in sud America perch\u00e9 le grandi potenze, inneggiando al progresso sia in Patria che nel Mondo, continueranno a concorrere per la conquista dei mercati.<\/p>\n\n\n\n<p>IL FUTURO DELL&#8217;UNIONE<\/p>\n\n\n\n<p>Alla luce di questi nuovi scenari \u00e8 da chiedersi quale sar\u00e0 nel prossimo futuro il ruolo dell&#8217;<strong>Unione Europea <\/strong>di cui siamo parte integrante. \u00c8 conveniente e per chi mantenere questo stato di emergenza permanente che mina la stabilit\u00e0 socio economica dei Paesi aderenti? Avere la guerra alle porte tra potenze che si contendono il mercato Europeo \u00e8 cio che i cittadini dell&#8217;Unione desiderano? <strong>Eppure la logica, la coerenza con i valori fondanti dell&#8217;Unione dovrebbero suggerire alle leadership Europee un ripensamento delle politiche economiche puntando a rivitalizzare il mercato interno che soffre l&#8217;inflazione e la perdita di potere d&#8217;acquisto di grandi fasce di popolazione.<\/strong> La UE deve richiedere a tutti gli Stati Sovrani <strong>l&#8217;autosufficienza economica<\/strong>, questa dovrebbe essere la via da percorrere. Partendo dall&#8217;autosufficienza energetica, alimentare e delle necessit\u00e0 primarie. Lo scambio commerciale, la <strong>cooperazione coordinata e solidale<\/strong> tra i vari Paesi aderenti permetteranno un rapido sviluppo progressivo mantenendo i capitali provenienti dalle attivit\u00e0 produttive e commerciali nel continente. <strong>L&#8217;aumento della produzione in Europa, favorir\u00e0 una veloce redistribuzione della ricchezza, aumento dell&#8217;occupazione e dei salari<\/strong>. Limitare le relazioni commerciali fuori dall&#8217;Europa con tutti quei Paesi che non garantiscono diritti per i lavoratori anche attraverso un controllo integrato che certifichi queste libert\u00e0 \u00e8 un passaggio obbligato che non si pu\u00f2 pi\u00f9 evitare. <strong>L&#8217;Europa deve scegliere tra gli interessi delle multinazionali e quelli del Popolo Sovrano, ne vale il suo futuro politico ed economico.<\/strong> Un&#8217;Europa incatenata agli obsoleti principi della globalizzazione economica non serve a nessuno, anzi potrebbe rimettere pericolosamente in discussione la sua unit\u00e0. \u00c8 curioso, sfogliando le pagine web dei siti istituzionali dell&#8217;Unione Europea, <strong>vedere la diversit\u00e0 di linguaggio<\/strong> delle pagine dedicate all&#8217;economia e ai singoli Paesi dove parole e concetti come: <strong>competizione sui mercati globali, concorrenza e privato<\/strong> si contrappongono ai concetti espressi nelle pagine dedicate ai giovani dove prevalgono parole come: <strong>cooperazione, collaborazioni tra i giovani dell&#8217;unione, interscambi, comunit\u00e0.<\/strong> Insomma un altro mondo o meglio due visioni diametralmente opposte espresse dalla stessa persona. E&#8217; un atteggiamento schizofrenico che interpreta le difficolt\u00e0 attuali, oppure un&#8217;ammissione che il futuro dell&#8217;Europa sar\u00e0 ben diverso dalla realt\u00e0 odierna? L&#8217;Europa \u00e8 ad un bivio e la democrazia non deve essere una copertura di facciata. \u00c8 necessario istituire in Europa dei percorsi di <a href=\"https:\/\/democraziaeconomica.it\/index.php\/principi-democrazia-economica\/\" rel=\"nofollow noopener\" target=\"_blank\"><u><strong>Democrazia Economica<\/strong><\/u><\/a>, una visione sociale che le giovani generazioni europee stanno scoprendo e che vorranno realizzare.<\/p>\n","protected":false},"excerpt":{"rendered":"<p>Ci sono fondate certezze che nel giro di pochi anni la globalizzazione economica avr\u00e0 una fine, sicuramente un forte ridimensionamento. Certamente la guerra in Ucraina \u00e8 quell&#8217;evento storico che rappresenta lo spartiacque tra quello che era la condivisione del mercato globale prima e la grande <span class=\"excerpt-dots\">&hellip;<\/span> <a class=\"more-link\" href=\"https:\/\/neoumanista.it\/index.php\/2023\/06\/la-guerra-dei-chip-e-la-fine-della-globalizzazione-economica-leuropa-ad-una-svolta\/\"><span class=\"more-msg\">Continua<\/span><\/a><\/p>\n","protected":false},"author":3,"featured_media":1093,"comment_status":"open","ping_status":"open","sticky":false,"template":"","format":"standard","meta":{"footnotes":""},"categories":[66,67,72,10,73],"tags":[54,44,50,41],"class_list":["post-1088","post","type-post","status-publish","format-standard","has-post-thumbnail","hentry","category-cooperazione","category-cooperazione-coordinata","category-democrazia-economica","category-economia","category-europa","tag-capitalismo","tag-conflitti","tag-democrazia-economica","tag-economia"],"_links":{"self":[{"href":"https:\/\/neoumanista.it\/index.php\/wp-json\/wp\/v2\/posts\/1088","targetHints":{"allow":["GET"]}}],"collection":[{"href":"https:\/\/neoumanista.it\/index.php\/wp-json\/wp\/v2\/posts"}],"about":[{"href":"https:\/\/neoumanista.it\/index.php\/wp-json\/wp\/v2\/types\/post"}],"author":[{"embeddable":true,"href":"https:\/\/neoumanista.it\/index.php\/wp-json\/wp\/v2\/users\/3"}],"replies":[{"embeddable":true,"href":"https:\/\/neoumanista.it\/index.php\/wp-json\/wp\/v2\/comments?post=1088"}],"version-history":[{"count":1,"href":"https:\/\/neoumanista.it\/index.php\/wp-json\/wp\/v2\/posts\/1088\/revisions"}],"predecessor-version":[{"id":1090,"href":"https:\/\/neoumanista.it\/index.php\/wp-json\/wp\/v2\/posts\/1088\/revisions\/1090"}],"wp:featuredmedia":[{"embeddable":true,"href":"https:\/\/neoumanista.it\/index.php\/wp-json\/wp\/v2\/media\/1093"}],"wp:attachment":[{"href":"https:\/\/neoumanista.it\/index.php\/wp-json\/wp\/v2\/media?parent=1088"}],"wp:term":[{"taxonomy":"category","embeddable":true,"href":"https:\/\/neoumanista.it\/index.php\/wp-json\/wp\/v2\/categories?post=1088"},{"taxonomy":"post_tag","embeddable":true,"href":"https:\/\/neoumanista.it\/index.php\/wp-json\/wp\/v2\/tags?post=1088"}],"curies":[{"name":"wp","href":"https:\/\/api.w.org\/{rel}","templated":true}]}}