{"id":1042,"date":"2023-05-30T14:30:09","date_gmt":"2023-05-30T12:30:09","guid":{"rendered":"https:\/\/neoumanista.it\/?p=1042"},"modified":"2025-01-16T14:30:24","modified_gmt":"2025-01-16T13:30:24","slug":"siccita-creare-comunita-idriche-autosufficienti","status":"publish","type":"post","link":"https:\/\/neoumanista.it\/index.php\/2023\/05\/siccita-creare-comunita-idriche-autosufficienti\/","title":{"rendered":"Siccit\u00e0. Creare Comunit\u00e0 Idriche Autosufficienti."},"content":{"rendered":"\n<p>Il pericolo \u00e8 ammesso da tutti, questo ultimo anno di secca con poca pioggia dar\u00e0 nei prossimi mesi problemi gravissimi per l&#8217;acqua utilizzata in agricoltura, nell&#8217;industria agroalimentare e per usi domestici. Noi, Italia, una delle zone Europee pi\u00f9 ricche d&#8217;acqua, abituati all&#8217;abbondanza di questo bene comune, ancora non ci rendiamo conto dei rischi di questa situazione. La politica fa fatica a trovare soldi da investire in questa emergenza, anche se c&#8217;\u00e8 una disponibilit\u00e0 abbondante 8 miliardi tra PNRR e altri fondi. Anche questo Governo ci fa la trafila dei problemi che impediscono la messa a punto di un piano di intervento. La Cabina di Regia, il coordinamento con Regioni ed enti territoriali, la nomina di un super commissario straordinario, la burocrazia, la semplificazione. Quando c&#8217;\u00e8 un&#8217;emergenza e senti tutti questi organismi a cui la politica deve assegnare incarichi, poltrone, viene il panico, inizi a pensare male. Per i tempi lunghi che la politica si prende per accomodare i fondi pubblici nelle mani di amici e sostenitori dei partiti al governo o che finisca in un nulla di fatto come spesso succede. Eppure fra qualche mese arriva l&#8217;estate e sar\u00e0 emergenza nera con perdita dei raccolti, problemi nella lavorazione dei prodotti agricoli nelle aziende di trasformazione, razionamento d&#8217;acqua nelle case.<\/p>\n\n\n\n<p>Uno dei grandi problemi sono i nostri acquedotti che in dei casi disperdono fino al 50% dell&#8217;acqua potabile che trasportano. Era necessario intervenire anni fa ma \u00e8 urgente iniziare in forma intensiva questo risanamento.<\/p>\n\n\n\n<p><strong>Ma l&#8217;intervento pi\u00f9 urgente \u00e8 quello della realizzazione degli invasi necessari per raccogliere l\u2019acqua piovana indispensabili per compensare gli usi agricoli e irrigui<\/strong>.<\/p>\n\n\n\n<p>Ad oggi solo l&#8217;11 % di questi <strong>grandi bacini,<\/strong> calcolati per coprire le esigenze in agricoltura, sono stati realizzati e nessuno ancora ne ha calcolato i tempi di messa in opera, che possono essere anni.<\/p>\n\n\n\n<p>Eppure a questa emergenza si pu\u00f2 far fronte in tempi brevi. Da ragazzo quando abitavo in paese, nelle Marche, a valle delle colline che vedevo dalla mia finestra, erano stati realizzati piccoli invasi per la raccolta delle acque stagionali. Noi ragazzi ci andavamo a pescare le carpe, pesce che viene immesso in questi bacinii per purificarne le acque. La stessa funzione l&#8217;avevano i folti cespugli di cannucciato palustre che crescevano nei bordi. Geniale no? <strong>\u00c8 la proposta che fa L&#8217;Istituto di Ricerca Prout una associazione di promozione sociale che a Salsomaggiore ha pianificato, costruito, studiato nei minimi dettagli la realizzazione di piccoli invasi.<\/strong> Pratici, funzionali, a prezzi di realizzazione bassissimi. <strong>Una pianificazione capillare di questo tipo di bacini, si potrebbe fare in tempi brevi, in tutta Italia iniziando dalle zone pi\u00f9 colpite dalla siccit\u00e0. Consorziando anche pi\u00f9 agricoltori, organizzandoli sul modello gestionale sperimentato con successo dalle Comunit\u00e0 Energetiche rinnovabili<\/strong>. La peculiarit\u00e0 della proposta dall&#8217;Istituto Prout \u00e8 che questo progetto integrato di conservazione dell\u2019acqua di superficie, ripristino dell\u2019equilibrio ecologico e salvaguardia dell\u2019ambiente, viene gi\u00e0 utilizzato in zone del mondo dove questo problema \u00e8 cronico. E&#8217; gi\u00e0 stato applicato in zone dalle dimensioni delle nostre Provincie o Regioni, non c&#8217;\u00e8 nulla di inventato, \u00e8 stato sapientemente adattato alle nostre realt\u00e0. Sono meno invasivi dei grandi bacini programmati. La piantumazione di alberi ed il ripopolamento di fauna autoctona programmata per la conservazione dell&#8217;acqua, ripristina la biodiversit\u00e0 e l\u2019equilibrio ecologico a salvaguardia dell\u2019ambiente ; obiettivi che camminano di pari passo con la lotta alle carenze d&#8217;acqua.<\/p>\n\n\n\n<p>\u00c8 come avere la pappa pronta da distribuire in maniera sapiente. Se il Governo volesse usare questo sistema, ci sono gi\u00e0 delle piattaforme distributive che coinvolgono enti di controllo e amministrazioni locali; dovrebbe solo stanziare i soldi, (ci sono anche quelli), che andrebbero direttamente agli agricoltori in grado di organizzarsi. L&#8217;ing. Franco Bressanin direttore dell&#8217;istituto e responsabile del Progetto d\u00e0 consulenza a gratis e basta che gli paghiate la trasferta fa conferenze garantendo supporto informativo e tecnico. <a href=\"https:\/\/irprout.it\/?page_id=4439\" rel=\"nofollow noopener\" target=\"_blank\"><u><strong>QUI<\/strong><\/u><\/a> trovate tutti i dettagli del progetto.<\/p>\n\n\n\n<p>Infine, ci auguriamo tutti che gli interventi del Governo non si riducano allo slogan SPERIAMO CHE PIOVA, una beffa che nessuno potrebbe supportare.<\/p>\n","protected":false},"excerpt":{"rendered":"<p>Il pericolo \u00e8 ammesso da tutti, questo ultimo anno di secca con poca pioggia dar\u00e0 nei prossimi mesi problemi gravissimi per l&#8217;acqua utilizzata in agricoltura, nell&#8217;industria agroalimentare e per usi domestici. Noi, Italia, una delle zone Europee pi\u00f9 ricche d&#8217;acqua, abituati all&#8217;abbondanza di questo bene <span class=\"excerpt-dots\">&hellip;<\/span> <a class=\"more-link\" href=\"https:\/\/neoumanista.it\/index.php\/2023\/05\/siccita-creare-comunita-idriche-autosufficienti\/\"><span class=\"more-msg\">Continua<\/span><\/a><\/p>\n","protected":false},"author":3,"featured_media":1043,"comment_status":"open","ping_status":"open","sticky":false,"template":"","format":"standard","meta":{"footnotes":""},"categories":[29,63],"tags":[49,48,47,46],"class_list":["post-1042","post","type-post","status-publish","format-standard","has-post-thumbnail","hentry","category-ambiente","category-prout","tag-agricoltura","tag-crisi-climatica","tag-emergenza-idrica","tag-siccita"],"_links":{"self":[{"href":"https:\/\/neoumanista.it\/index.php\/wp-json\/wp\/v2\/posts\/1042","targetHints":{"allow":["GET"]}}],"collection":[{"href":"https:\/\/neoumanista.it\/index.php\/wp-json\/wp\/v2\/posts"}],"about":[{"href":"https:\/\/neoumanista.it\/index.php\/wp-json\/wp\/v2\/types\/post"}],"author":[{"embeddable":true,"href":"https:\/\/neoumanista.it\/index.php\/wp-json\/wp\/v2\/users\/3"}],"replies":[{"embeddable":true,"href":"https:\/\/neoumanista.it\/index.php\/wp-json\/wp\/v2\/comments?post=1042"}],"version-history":[{"count":3,"href":"https:\/\/neoumanista.it\/index.php\/wp-json\/wp\/v2\/posts\/1042\/revisions"}],"predecessor-version":[{"id":1047,"href":"https:\/\/neoumanista.it\/index.php\/wp-json\/wp\/v2\/posts\/1042\/revisions\/1047"}],"wp:featuredmedia":[{"embeddable":true,"href":"https:\/\/neoumanista.it\/index.php\/wp-json\/wp\/v2\/media\/1043"}],"wp:attachment":[{"href":"https:\/\/neoumanista.it\/index.php\/wp-json\/wp\/v2\/media?parent=1042"}],"wp:term":[{"taxonomy":"category","embeddable":true,"href":"https:\/\/neoumanista.it\/index.php\/wp-json\/wp\/v2\/categories?post=1042"},{"taxonomy":"post_tag","embeddable":true,"href":"https:\/\/neoumanista.it\/index.php\/wp-json\/wp\/v2\/tags?post=1042"}],"curies":[{"name":"wp","href":"https:\/\/api.w.org\/{rel}","templated":true}]}}